{"id":211,"date":"2021-09-13T19:26:17","date_gmt":"2021-09-13T19:26:17","guid":{"rendered":"http:\/\/thomasbusch.eu\/?p=211"},"modified":"2021-09-13T19:26:19","modified_gmt":"2021-09-13T19:26:19","slug":"together-chor-leben","status":"publish","type":"post","link":"http:\/\/thomasbusch.eu\/?p=211","title":{"rendered":"Together! Chor.Leben"},"content":{"rendered":"\n<figure class=\"wp-block-image size-full is-resized\"><img decoding=\"async\" loading=\"lazy\" src=\"http:\/\/thomasbusch.eu\/wp-content\/uploads\/Bildschirmfoto-2021-09-13-um-21.11.57.png\" alt=\"\" class=\"wp-image-214\" width=\"248\" height=\"99\" srcset=\"http:\/\/thomasbusch.eu\/wp-content\/uploads\/Bildschirmfoto-2021-09-13-um-21.11.57.png 650w, http:\/\/thomasbusch.eu\/wp-content\/uploads\/Bildschirmfoto-2021-09-13-um-21.11.57-300x120.png 300w\" sizes=\"(max-width: 248px) 100vw, 248px\" \/><\/figure>\n\n\n\n<p>Die Deutsche Chorjugend e.V. m\u00f6chte mit ihrem aktuellen Projekt &#8222;Together! Chor.leben&#8220; Jugendliche, die noch nie in einem Chor gesungen haben, f\u00fcr gemeinsames Singen begeistern und einen Beitrag dazu leisten die Chorszene diverser zu machen. Bis Ende 2022 weerden dazu 14 Neugr\u00fcndungen von Jugendch\u00f6ren in elf Bundesl\u00e4ndern unterst\u00fctzt, die einen offenen und aufsuchenden Charakter haben, Motivationen, Visionen und Hintergr\u00fcnde der Beteiligten einbeziehen und M\u00f6glichkeiten zur aktiven Mitgestaltung der Chorarbeit er\u00f6ffnen. Die Lebenswelt von Jugendlichen und deren Interessen stehen dabei im Vordergrund. <\/p>\n\n\n\n<p>Thomas Busch hat hierzu mit Dr. Sabine Schneider-Binkl (Universit\u00e4t Gie\u00dfen) und Juliane Hanke (Universit\u00e4t zu K\u00f6ln) die wissenschaftliche Begleitung des Projektes \u00fcbernommen. In diesem Zuge werden Experteninterviews und Gruppendiskussionen vorgenommen, Chorproben werden videografiert und mit Hilfe von Video-Stimulated-Recall-Interviews untersucht und Chorproben beobachtet. Auch Dokumente der Gr\u00fcnder*innen werden analysiert. Es entstehen im Sinne einer formativen Evaluation Best-Practice-Sammlungen und Berichte, die an die Akteur*innen zur\u00fcckgespiegelt werden. <\/p>\n\n\n\n<p>Laufzeit: Juli 2021 bis Dezember 2022. <\/p>\n","protected":false},"excerpt":{"rendered":"<p>Die Deutsche Chorjugend e.V. m\u00f6chte mit ihrem aktuellen Projekt &#8222;Together! Chor.leben&#8220; Jugendliche, die noch nie in einem Chor gesungen haben, f\u00fcr gemeinsames Singen begeistern und einen Beitrag dazu leisten die Chorszene diverser zu machen. Bis Ende 2022 weerden dazu 14 Neugr\u00fcndungen von Jugendch\u00f6ren in elf Bundesl\u00e4ndern unterst\u00fctzt, die einen offenen und aufsuchenden Charakter haben, Motivationen,&hellip;&nbsp;<a href=\"http:\/\/thomasbusch.eu\/?p=211\" class=\"\" rel=\"bookmark\">Weiterlesen &raquo;<span class=\"screen-reader-text\">Together! Chor.Leben<\/span><\/a><\/p>\n","protected":false},"author":1,"featured_media":0,"comment_status":"closed","ping_status":"closed","sticky":false,"template":"","format":"standard","meta":[],"categories":[1],"tags":[],"_links":{"self":[{"href":"http:\/\/thomasbusch.eu\/index.php?rest_route=\/wp\/v2\/posts\/211"}],"collection":[{"href":"http:\/\/thomasbusch.eu\/index.php?rest_route=\/wp\/v2\/posts"}],"about":[{"href":"http:\/\/thomasbusch.eu\/index.php?rest_route=\/wp\/v2\/types\/post"}],"author":[{"embeddable":true,"href":"http:\/\/thomasbusch.eu\/index.php?rest_route=\/wp\/v2\/users\/1"}],"replies":[{"embeddable":true,"href":"http:\/\/thomasbusch.eu\/index.php?rest_route=%2Fwp%2Fv2%2Fcomments&post=211"}],"version-history":[{"count":2,"href":"http:\/\/thomasbusch.eu\/index.php?rest_route=\/wp\/v2\/posts\/211\/revisions"}],"predecessor-version":[{"id":216,"href":"http:\/\/thomasbusch.eu\/index.php?rest_route=\/wp\/v2\/posts\/211\/revisions\/216"}],"wp:attachment":[{"href":"http:\/\/thomasbusch.eu\/index.php?rest_route=%2Fwp%2Fv2%2Fmedia&parent=211"}],"wp:term":[{"taxonomy":"category","embeddable":true,"href":"http:\/\/thomasbusch.eu\/index.php?rest_route=%2Fwp%2Fv2%2Fcategories&post=211"},{"taxonomy":"post_tag","embeddable":true,"href":"http:\/\/thomasbusch.eu\/index.php?rest_route=%2Fwp%2Fv2%2Ftags&post=211"}],"curies":[{"name":"wp","href":"https:\/\/api.w.org\/{rel}","templated":true}]}}