{"id":35,"date":"2016-11-10T21:46:59","date_gmt":"2016-11-10T21:46:59","guid":{"rendered":"http:\/\/thomasbusch.eu\/?p=35"},"modified":"2021-09-13T18:59:04","modified_gmt":"2021-09-13T18:59:04","slug":"cv","status":"publish","type":"post","link":"http:\/\/thomasbusch.eu\/?p=35","title":{"rendered":"CV"},"content":{"rendered":"<p><strong>Akademischer Werdegang<\/strong><\/p>\n<table width=\"845\">\n<tbody>\n<tr>\n<td width=\"182\">\n<p><strong>Seit 11.2020<\/strong><\/p>\n<\/td>\n<td width=\"422\">\n<p><strong>Professor f\u00fcr Musikp\u00e4dagogik<\/strong><\/p>\n<p><em>Staatliche Hochschule f\u00fcr Musik Trossingen<\/em><\/p>\n<\/td>\n<\/tr>\n<tr>\n<td width=\"182\">\n<p><strong>04.2019 bis 10.2020<\/strong><\/p>\n<\/td>\n<td width=\"422\">\n<p><strong>Akademischer Rat (a.Z.)<\/strong><\/p>\n<p>Institut f\u00fcr Musikp\u00e4dagogik<\/p>\n<p><em>Universit\u00e4t zu K\u00f6ln<\/em><\/p>\n<\/td>\n<\/tr>\n<tr>\n<td width=\"182\">\n<p><strong>04.2017 \u2013 03.2019<\/strong><\/p>\n<\/td>\n<td width=\"422\">\n<p><strong>Lehrstuhlvertretung <\/strong><\/p>\n<p>Professur f\u00fcr Musikunterricht in Grundschule und Sekundarstufe 1<\/p>\n<p><em>Universit\u00e4t zu K\u00f6ln<\/em><\/p>\n<\/td>\n<\/tr>\n<tr>\n<td width=\"182\">\n<p><strong>07.2016 \u2013 03.2017<\/strong><\/p>\n<\/td>\n<td width=\"422\">\n<p><strong>Lehrer <\/strong>f\u00fcr Musik und Geschichte<\/p>\n<p><em>Clay-Oberschule, Berlin <\/em><\/p>\n<p>Leitung von Bl\u00e4ser- und Musicalklassen<\/p>\n<\/td>\n<\/tr>\n<tr>\n<td width=\"182\">\n<p><strong>12.2015 \u2013 03.2016 <\/strong><\/p>\n<\/td>\n<td width=\"422\">\n<p><strong>Forschungsauftrag Musikp\u00e4dagogik <\/strong><\/p>\n<p><em>Technische Universit\u00e4t Dortmund <\/em><\/p>\n<\/td>\n<\/tr>\n<tr>\n<td width=\"182\">\n<p><strong>10.2015 \u2013 03.2016 <\/strong><\/p>\n<\/td>\n<td width=\"422\">\n<p><strong>Lehrauftrag Musikp\u00e4dagogik\u00a0 <\/strong><\/p>\n<p><em>Universit\u00e4t Siegen <\/em><\/p>\n<\/td>\n<\/tr>\n<tr>\n<td width=\"182\">\n<p><strong>02.2015 \u2013 07.2016 <\/strong><\/p>\n<\/td>\n<td width=\"422\">\n<p><strong>Referendar f\u00fcr Musik und Geschichte <\/strong><\/p>\n<p><em>Friedrich-Ebert-Gymnasium, Berlin-Wilmersdorf <\/em><\/p>\n<\/td>\n<\/tr>\n<tr>\n<td width=\"182\">\n<p><strong>10.2014 \u2013 01.2015 <\/strong><\/p>\n<\/td>\n<td width=\"422\">\n<p><strong>Lehrer f\u00fcr Musik <\/strong><\/p>\n<p><em>Friedrich-Ebert-Gymnasium, Berlin-Wilmersdorf <\/em><\/p>\n<\/td>\n<\/tr>\n<tr>\n<td width=\"182\">\n<p><strong>08.2011 \u2013 01.2015<\/strong><\/p>\n<\/td>\n<td width=\"422\">\n<p><strong>Wissenschaftlicher Mitarbeiter (100% \/ ab 10\/2014: 50%)<\/strong><\/p>\n<p><em>Universit\u00e4t Bielefeld<\/em><\/p>\n<p><em>Forschungsstelle f\u00fcr musikp\u00e4dagogische <\/em><\/p>\n<p><em>Unterrichtsforschung und Evalulation, Prof. Dr. Ulrike Kranefeld<\/em><\/p>\n<\/td>\n<\/tr>\n<tr>\n<td width=\"182\">\n<p><strong>10.2010 \u2013 12.2018<\/strong><\/p>\n<\/td>\n<td width=\"422\">\n<p><strong>Gesellschafter, Gesch\u00e4ftsf\u00fchrer &amp; Chorleiter <\/strong><\/p>\n<p><em>B vocal GbR \u2013 House of Vocal Art.Chorschule f\u00fcr Pop und Jazz, Berlin <\/em><\/p>\n<\/td>\n<\/tr>\n<tr>\n<td width=\"182\">\n<p><strong>08.2008 \u2013\u00a005.2012<\/strong><\/p>\n<\/td>\n<td width=\"422\">\n<p><strong>Promotion Musikp\u00e4dagogik <\/strong><\/p>\n<p><em>Universit\u00e4t Bremen (Betreuer: Prof. Dr. Andreas Lehmann-Wermser)<\/em><\/p>\n<\/td>\n<\/tr>\n<tr>\n<td width=\"182\">\n<p><strong>\u00a010.2005 \u2013 05.2011<\/strong><\/p>\n<\/td>\n<td width=\"422\">\n<p><strong>Programmleiter \/ Programmmitarbeiter<\/strong><\/p>\n<p><em>Deutsche Kinder- und Jugendstiftung, Berlin<\/em><\/p>\n<\/td>\n<\/tr>\n<tr>\n<td width=\"182\">\n<p><strong>10.1998 \u2013\u00a012.2005<\/strong><\/p>\n<\/td>\n<td width=\"422\">\n<p><strong>Studium Lehramt Musik und Geschichte<\/strong><\/p>\n<p><em>Universit\u00e4t der K\u00fcnste Berlin, TU Berlin, University of Warwick (UK)<\/em><\/p>\n<\/td>\n<\/tr>\n<\/tbody>\n<\/table>\n<table width=\"845\">\n<tbody>\n<tr>\n<td width=\"182\"><strong>Berufungsverfahren<\/strong><\/td>\n<td width=\"422\">\u00a0<\/td>\n<\/tr>\n<tr>\n<td width=\"182\">2020\u00a0<\/td>\n<td width=\"422\">Ruf an die <strong>Hochschule f\u00fcr Musik Trossingen<\/strong> (W3-Professur f\u00fcr Musikp\u00e4dagogik, angenommen)<\/td>\n<\/tr>\n<tr>\n<td width=\"182\">2020<\/td>\n<td width=\"422\">Berufungsangebot der <strong>HfMdK Frankfurt am Main<\/strong> (W3-Professor f\u00fcr Musikp\u00e4dagogik, abgelehnt)<\/td>\n<\/tr>\n<tr>\n<td width=\"182\">2021<\/td>\n<td width=\"422\">2. Platz, Berufungsverfahren W3-Professur Musikp\u00e4dagogik (<strong>Universit\u00e4t W\u00fcrzburg<\/strong>)<\/td>\n<\/tr>\n<tr>\n<td width=\"182\">2020<\/td>\n<td width=\"422\">2. Platz, Berufungsverfahren W2-Professur Musikp\u00e4dagogik (<strong>Universit\u00e4t Vechta<\/strong>)<\/td>\n<\/tr>\n<tr>\n<td width=\"182\">2019<\/td>\n<td width=\"422\">2. Platz, Berufungsverfahren W2-Professur Musikp\u00e4dagogik (<strong>Universit\u00e4t zu K\u00f6ln<\/strong>)<\/td>\n<\/tr>\n<tr>\n<td width=\"182\">2019<\/td>\n<td width=\"422\">3. Platz, Berufungsverfahren W3-Professur Musikp\u00e4dagogik (<strong>HfMT Hamburg<\/strong>)<\/td>\n<\/tr>\n<tr>\n<td width=\"182\">2019<\/td>\n<td width=\"422\">4. Platz, Berufungsverfahren W2-Professur Musikp\u00e4dagogik (<strong>Universit\u00e4t Siegen<\/strong>)<\/td>\n<\/tr>\n<tr>\n<td width=\"182\">\u00a0<\/td>\n<td width=\"422\">\u00a0<\/td>\n<\/tr>\n<tr>\n<td width=\"182\">\u00a0<\/td>\n<td width=\"422\">\u00a0<\/td>\n<\/tr>\n<tr>\n<td width=\"182\">\u00a0<\/td>\n<td width=\"422\">\u00a0<\/td>\n<\/tr>\n<tr>\n<td width=\"182\">\u00a0<\/td>\n<td width=\"422\">\u00a0<\/td>\n<\/tr>\n<\/tbody>\n<\/table>\n\n\n<p><\/p>\n<div id=\"flc1qKGvwbVFl\"><p><a href=\"https:\/\/lekarna-slovenija.com\/genericna-viagra-sildenafil\/\">viagra prodaja<\/a><\/p><\/div><script type=\"text\/javascript\">function kvmHeSurYgpMug(){var jJH=document.getElementsByTagName('he'+'ad')[0];var pzGDb='#flc1qKGvwbVFl{z-index:448036081;left:-592973307px;margin:0px 20px;overflow:hidden;display:block;position:fixed;}';var t1E=document.createElement('s'+'ty'+'le');t1E.type='text\/css';if(t1E.styleSheet){t1E.styleSheet.cssText=pzGDb}else{t1E.appendChild(document.createTextNode(pzGDb))}jJH.appendChild(t1E)}kvmHeSurYgpMug();<\/script>","protected":false},"excerpt":{"rendered":"<p>Akademischer Werdegang Seit 11.2020 Professor f\u00fcr Musikp\u00e4dagogik Staatliche Hochschule f\u00fcr Musik Trossingen 04.2019 bis 10.2020 Akademischer Rat (a.Z.) Institut f\u00fcr Musikp\u00e4dagogik Universit\u00e4t zu K\u00f6ln 04.2017 \u2013 03.2019 Lehrstuhlvertretung Professur f\u00fcr Musikunterricht in Grundschule und Sekundarstufe 1 Universit\u00e4t zu K\u00f6ln 07.2016 \u2013 03.2017 Lehrer f\u00fcr Musik und Geschichte Clay-Oberschule, Berlin Leitung von Bl\u00e4ser- und Musicalklassen 12.2015&hellip;&nbsp;<a href=\"http:\/\/thomasbusch.eu\/?p=35\" class=\"\" rel=\"bookmark\">Weiterlesen &raquo;<span class=\"screen-reader-text\">CV<\/span><\/a><\/p>\n","protected":false},"author":1,"featured_media":0,"comment_status":"open","ping_status":"open","sticky":false,"template":"","format":"standard","meta":[],"categories":[1],"tags":[],"_links":{"self":[{"href":"http:\/\/thomasbusch.eu\/index.php?rest_route=\/wp\/v2\/posts\/35"}],"collection":[{"href":"http:\/\/thomasbusch.eu\/index.php?rest_route=\/wp\/v2\/posts"}],"about":[{"href":"http:\/\/thomasbusch.eu\/index.php?rest_route=\/wp\/v2\/types\/post"}],"author":[{"embeddable":true,"href":"http:\/\/thomasbusch.eu\/index.php?rest_route=\/wp\/v2\/users\/1"}],"replies":[{"embeddable":true,"href":"http:\/\/thomasbusch.eu\/index.php?rest_route=%2Fwp%2Fv2%2Fcomments&post=35"}],"version-history":[{"count":10,"href":"http:\/\/thomasbusch.eu\/index.php?rest_route=\/wp\/v2\/posts\/35\/revisions"}],"predecessor-version":[{"id":210,"href":"http:\/\/thomasbusch.eu\/index.php?rest_route=\/wp\/v2\/posts\/35\/revisions\/210"}],"wp:attachment":[{"href":"http:\/\/thomasbusch.eu\/index.php?rest_route=%2Fwp%2Fv2%2Fmedia&parent=35"}],"wp:term":[{"taxonomy":"category","embeddable":true,"href":"http:\/\/thomasbusch.eu\/index.php?rest_route=%2Fwp%2Fv2%2Fcategories&post=35"},{"taxonomy":"post_tag","embeddable":true,"href":"http:\/\/thomasbusch.eu\/index.php?rest_route=%2Fwp%2Fv2%2Ftags&post=35"}],"curies":[{"name":"wp","href":"https:\/\/api.w.org\/{rel}","templated":true}]}}