{"id":54,"date":"2016-11-10T21:57:38","date_gmt":"2016-11-10T21:57:38","guid":{"rendered":"http:\/\/thomasbusch.eu\/?p=54"},"modified":"2016-11-11T05:16:45","modified_gmt":"2016-11-11T05:16:45","slug":"total-choral","status":"publish","type":"post","link":"http:\/\/thomasbusch.eu\/?p=54","title":{"rendered":"TOTAL CHORAL"},"content":{"rendered":"<p>TOTAL CHORAL ist ein Festival f\u00fcr popul\u00e4re Chormusik in Berlin, gegr\u00fcndet von Thomas Busch und Bastian Holze. Es bietet der regionalen und \u00fcberregionalen Acappella-Chorszene einen Ort f\u00fcr Auftritte, Vernetzung und Qualifizierung.<\/p>\n<p>Das j\u00e4hrliche Festival TOTAL CHORAL findet seit 2008 im Berliner Cafe Theater Schalotte statt.<\/p>\n<p>Neben Berliner und Brandenburger Ch\u00f6ren waren auch zahlreiche nationale und internationale Ensembles zu Gast (u.a. SONO (DK), Vox 11 (DK), Pitch Control (NL), Voice It (Dresden), clazz (Hannover). Workshops leiteten unter anderem Peder Karlsson (SWE), Tine Ohrt (DK), Jim Daus<br \/>\nHjernoe (DK), Merel Martens (NL), Lindsay Lewis, Carsten Gerlitz und Michael Betzner-Brandt(D).<\/p>\n<p><img decoding=\"async\" loading=\"lazy\" class=\"alignnone size-medium wp-image-94\" src=\"http:\/\/thomasbusch.eu\/wp-content\/uploads\/TOTALCHORAL_logo-300x214.jpg\" alt=\"totalchoral_logo\" width=\"300\" height=\"214\" srcset=\"http:\/\/thomasbusch.eu\/wp-content\/uploads\/TOTALCHORAL_logo-300x214.jpg 300w, http:\/\/thomasbusch.eu\/wp-content\/uploads\/TOTALCHORAL_logo-768x547.jpg 768w, http:\/\/thomasbusch.eu\/wp-content\/uploads\/TOTALCHORAL_logo-1024x730.jpg 1024w, http:\/\/thomasbusch.eu\/wp-content\/uploads\/TOTALCHORAL_logo.jpg 2048w\" sizes=\"(max-width: 300px) 100vw, 300px\" \/><\/p>\n","protected":false},"excerpt":{"rendered":"<p>TOTAL CHORAL ist ein Festival f\u00fcr popul\u00e4re Chormusik in Berlin, gegr\u00fcndet von Thomas Busch und Bastian Holze. Es bietet der regionalen und \u00fcberregionalen Acappella-Chorszene einen Ort f\u00fcr Auftritte, Vernetzung und Qualifizierung. Das j\u00e4hrliche Festival TOTAL CHORAL findet seit 2008 im Berliner Cafe Theater Schalotte statt. Neben Berliner und Brandenburger Ch\u00f6ren waren auch zahlreiche nationale und&hellip;&nbsp;<a href=\"http:\/\/thomasbusch.eu\/?p=54\" class=\"\" rel=\"bookmark\">Weiterlesen &raquo;<span class=\"screen-reader-text\">TOTAL CHORAL<\/span><\/a><\/p>\n","protected":false},"author":1,"featured_media":0,"comment_status":"open","ping_status":"open","sticky":false,"template":"","format":"standard","meta":[],"categories":[1],"tags":[],"_links":{"self":[{"href":"http:\/\/thomasbusch.eu\/index.php?rest_route=\/wp\/v2\/posts\/54"}],"collection":[{"href":"http:\/\/thomasbusch.eu\/index.php?rest_route=\/wp\/v2\/posts"}],"about":[{"href":"http:\/\/thomasbusch.eu\/index.php?rest_route=\/wp\/v2\/types\/post"}],"author":[{"embeddable":true,"href":"http:\/\/thomasbusch.eu\/index.php?rest_route=\/wp\/v2\/users\/1"}],"replies":[{"embeddable":true,"href":"http:\/\/thomasbusch.eu\/index.php?rest_route=%2Fwp%2Fv2%2Fcomments&post=54"}],"version-history":[{"count":3,"href":"http:\/\/thomasbusch.eu\/index.php?rest_route=\/wp\/v2\/posts\/54\/revisions"}],"predecessor-version":[{"id":96,"href":"http:\/\/thomasbusch.eu\/index.php?rest_route=\/wp\/v2\/posts\/54\/revisions\/96"}],"wp:attachment":[{"href":"http:\/\/thomasbusch.eu\/index.php?rest_route=%2Fwp%2Fv2%2Fmedia&parent=54"}],"wp:term":[{"taxonomy":"category","embeddable":true,"href":"http:\/\/thomasbusch.eu\/index.php?rest_route=%2Fwp%2Fv2%2Fcategories&post=54"},{"taxonomy":"post_tag","embeddable":true,"href":"http:\/\/thomasbusch.eu\/index.php?rest_route=%2Fwp%2Fv2%2Ftags&post=54"}],"curies":[{"name":"wp","href":"https:\/\/api.w.org\/{rel}","templated":true}]}}